{"id":17671,"date":"2024-03-21T14:49:31","date_gmt":"2024-03-21T13:49:31","guid":{"rendered":"https:\/\/trends-business-information.be\/?p=17671"},"modified":"2025-10-16T19:42:24","modified_gmt":"2025-10-16T17:42:24","slug":"une-evolution-economique-en-demi-teinte-dans-la-zone-du-geco","status":"publish","type":"post","link":"https:\/\/trends-business-information.be\/fr\/nouveautes\/une-evolution-economique-en-demi-teinte-dans-la-zone-du-geco","title":{"rendered":"Une \u00e9volution \u00e9conomique en demi-teinte dans la zone du GECO"},"content":{"rendered":"<p><em>Trends Business Information a dress\u00e9 l&rsquo;\u00e9tat de sant\u00e9 de l&rsquo;\u00e9conomie dans le sud de l&rsquo;ESEM. Des r\u00e9sultats en demi-teinte avec la construction sp\u00e9cialis\u00e9e au top, mais la restauration en crise. (Jean-Luc Henard, L&rsquo;avenir)<\/em><\/p>\n<hr \/>\n<p>R\u00e9guli\u00e8rement, le GECO, \u00e0 savoir le Groupement des Entrepreneurs du sud de l&rsquo;Entre-Sambre-et-Meuse, organise des animations et conf\u00e9rences \u00e0 destination de ses presque 300 membres. Ce lundi, une nouvelle rencontre au centre d&rsquo;accueil de la Plate Taille, \u00e0 Boussu-lez-Walcourt, a permis d&rsquo;avoir une photographie claire de la situation des entreprises dans la Botte du Hainaut et l&rsquo;arrondissement de Philippeville (+\u00a0Mettet).<\/p>\n<p>Pendant une bonne heure, Annyck Vrancken, de chez Trends Business Information, a comment\u00e9 une s\u00e9rie de chiffres sur l&rsquo;\u00e9volution, ces derni\u00e8res ann\u00e9es, de la sant\u00e9 \u00e9conomique de la r\u00e9gion. Cette soci\u00e9t\u00e9 est sp\u00e9cialis\u00e9e dans la gestion de bases de donn\u00e9es li\u00e9es au monde de l&rsquo;entreprise et est d\u00e9sormais partenaire du GECO.<a class=\"btn\" href=\"https:\/\/www.lavenir.net\/regions\/sambre-meuse\/2024\/03\/21\/une-evolution-economique-en-demi-teinte-dans-la-zone-du-geco-K6EJEAH6XNHM3P3TTX2ASQUZ74\/\" target=\"_self\">Lire l&#039;article complet ici<\/a><\/p>\n","protected":false},"excerpt":{"rendered":"<p>Trends Business Information a dress\u00e9 l&rsquo;\u00e9tat de sant\u00e9 de l&rsquo;\u00e9conomie dans le sud de l&rsquo;ESEM. Des r\u00e9sultats en demi-teinte avec la construction sp\u00e9cialis\u00e9e au top, mais la restauration en crise. (Jean-Luc Henard, L&rsquo;avenir) R\u00e9guli\u00e8rement, le GECO, \u00e0 savoir le Groupement des Entrepreneurs du sud de l&rsquo;Entre-Sambre-et-Meuse, organise des animations et conf\u00e9rences \u00e0 destination de ses [&hellip;]<\/p>\n","protected":false},"author":9,"featured_media":0,"comment_status":"closed","ping_status":"closed","sticky":false,"template":"","format":"standard","meta":{"_acf_changed":false,"footnotes":""},"categories":[23],"tags":[],"class_list":["post-17671","post","type-post","status-publish","format-standard","hentry","category-nouveautes"],"acf":[],"_links":{"self":[{"href":"https:\/\/trends-business-information.be\/fr\/wp-json\/wp\/v2\/posts\/17671","targetHints":{"allow":["GET"]}}],"collection":[{"href":"https:\/\/trends-business-information.be\/fr\/wp-json\/wp\/v2\/posts"}],"about":[{"href":"https:\/\/trends-business-information.be\/fr\/wp-json\/wp\/v2\/types\/post"}],"author":[{"embeddable":true,"href":"https:\/\/trends-business-information.be\/fr\/wp-json\/wp\/v2\/users\/9"}],"replies":[{"embeddable":true,"href":"https:\/\/trends-business-information.be\/fr\/wp-json\/wp\/v2\/comments?post=17671"}],"version-history":[{"count":0,"href":"https:\/\/trends-business-information.be\/fr\/wp-json\/wp\/v2\/posts\/17671\/revisions"}],"wp:attachment":[{"href":"https:\/\/trends-business-information.be\/fr\/wp-json\/wp\/v2\/media?parent=17671"}],"wp:term":[{"taxonomy":"category","embeddable":true,"href":"https:\/\/trends-business-information.be\/fr\/wp-json\/wp\/v2\/categories?post=17671"},{"taxonomy":"post_tag","embeddable":true,"href":"https:\/\/trends-business-information.be\/fr\/wp-json\/wp\/v2\/tags?post=17671"}],"curies":[{"name":"wp","href":"https:\/\/api.w.org\/{rel}","templated":true}]}}